{"id":441,"date":"2020-11-08T14:52:45","date_gmt":"2020-11-08T14:52:45","guid":{"rendered":"https:\/\/bipedosimplumes.com\/?p=441"},"modified":"2023-11-14T12:12:18","modified_gmt":"2023-11-14T12:12:18","slug":"7-532-espanoles-en-mauthausen-4-435-murieron-no-los-matemos-dos-veces","status":"publish","type":"post","link":"https:\/\/bipedosimplumes.com\/index.php\/2020\/11\/08\/7-532-espanoles-en-mauthausen-4-435-murieron-no-los-matemos-dos-veces\/","title":{"rendered":"7.532 Espa\u00f1oles en Mauthausen, 4.435 murieron: no los matemos dos veces"},"content":{"rendered":"\n<p class=\"has-text-align-center\"><strong>VISITA IMPRESCINDIBLE  A LA  <a href=\"https:\/\/www.mauthausen-memorial.org\/en\/History\/The-Mauthausen-Concentration-Camp-19381945\">WEB MAUTHAUSEN MEMORIAL<\/a><\/strong><\/p>\n\n\n\n<figure class=\"wp-block-image size-large\"><img loading=\"lazy\" width=\"817\" height=\"524\" src=\"https:\/\/bipedosimplumes.com\/wp-content\/uploads\/2020\/11\/mauthausen2.jpg\" alt=\"\" class=\"wp-image-443\" srcset=\"https:\/\/bipedosimplumes.com\/wp-content\/uploads\/2020\/11\/mauthausen2.jpg 817w, https:\/\/bipedosimplumes.com\/wp-content\/uploads\/2020\/11\/mauthausen2-300x192.jpg 300w, https:\/\/bipedosimplumes.com\/wp-content\/uploads\/2020\/11\/mauthausen2-768x493.jpg 768w\" sizes=\"(max-width: 817px) 100vw, 817px\" \/><figcaption><span style=\"color:#066405\" class=\"has-inline-color\">El 5 de mayo de 1945 una patrulla de 23 soldados de la 11.\u00aa Divisi\u00f3n Acorazada del Tercer Ej\u00e9rcito de los EE. UU., comandada por el Sargento Albert J. Kosiek  llega  a las puertas de Mauthausen.  Se hab\u00eda extraviado y,  el grueso de las tropas norteamericanas estaba a 40 kil\u00f3metros de all\u00ed. Los republicanos espa\u00f1oles los recibieron con esta pancartas hecha de s\u00e1banas en la que leemos: &#8220;<strong>Los espa\u00f1oles antifascistas saludan a las fuerzas libertadoras<\/strong>&#8220;. Los que liberaron el campo no fueron norteamericanos, fueron los propios prisioneros, entre  los espa\u00f1oles. <strong>\u00bfEn qu\u00e9 idioma est\u00e1 escrita la pancarta? <\/strong><\/span><\/figcaption><\/figure>\n\n\n\n<p>7.532 refugiados espa\u00f1oles fueron internados en el campo de concentraci\u00f3n de Mauthausen-Gusen. 4435 murieron all\u00ed. <\/p>\n\n\n\n<p>El equipo coordinado por el profesor titular del departamento de Historia Moderna y Contempor\u00e1nea de la UCM Gutmaro G\u00f3mez Bravo afirma que \u201cEl itinerario del resto, hasta completar los m\u00e1s de 10.000 republicanos que fueron deportados desde Francia a lugares como Buchenwald o Auschwitz, sigue siendo todav\u00eda incierto, como lo es tambi\u00e9n la cifra de aquellos que fueron a trabajar en una modalidad completamente distinta dentro de los grupos de trabajadores que enviaba Espa\u00f1a al III Reich, fruto de los acuerdos de cooperaci\u00f3n mutua\u201d, recuerdan los investigadores.&#8221;<\/p>\n\n\n\n<figure class=\"wp-block-embed-youtube wp-block-embed is-type-video is-provider-youtube wp-embed-aspect-16-9 wp-has-aspect-ratio\"><div class=\"wp-block-embed__wrapper\">\n<iframe title=\"Mauthausen, La memoria historica.\" width=\"474\" height=\"267\" src=\"https:\/\/www.youtube.com\/embed\/Zqeklfucxvk?feature=oembed\" frameborder=\"0\" allow=\"accelerometer; autoplay; clipboard-write; encrypted-media; gyroscope; picture-in-picture\" allowfullscreen><\/iframe>\n<\/div><\/figure>\n\n\n\n<p>A continuaci\u00f3n, pego parte de un art\u00edculo sobre una exposici\u00f3n de las fotograf\u00edas de <strong>Francesc Boix<\/strong>, m\u00e1s conocido como <strong>\u201cEl fot\u00f3grafo de Mauthausen\u201d<\/strong>. El evento, organizado por el <a href=\"https:\/\/cicus.us.es\/expo_francesboix\/\">Centro de Iniciativas Culturales de la Universidad de Sevilla<\/a>, y que tuvo lugar en mayo de 2019, llevaba por t\u00edtulo: &#8220;Primeros disparos de Francesc Boix&#8221; &nbsp;<\/p>\n\n\n\n<figure class=\"wp-block-embed-youtube wp-block-embed is-type-video is-provider-youtube wp-embed-aspect-16-9 wp-has-aspect-ratio\"><div class=\"wp-block-embed__wrapper\">\n<iframe title=\"El fot\u00f3grafo de Mauthausen 2018 HD 720p\" width=\"474\" height=\"267\" src=\"https:\/\/www.youtube.com\/embed\/AUMjlSPFykQ?feature=oembed\" frameborder=\"0\" allow=\"accelerometer; autoplay; clipboard-write; encrypted-media; gyroscope; picture-in-picture\" allowfullscreen><\/iframe>\n<\/div><\/figure>\n\n\n\n<p>\u201cA principios de 1938, un joven barcelon\u00e9s de 17 a\u00f1os se adentra en las filas del bando republicano. Dispara a todo lo que ve, -aunque con cierta contenci\u00f3n-, porque el material que utiliza es caro y dif\u00edcil de conseguir en medio de una guerra. <strong>No lleva un fusil, sino una c\u00e1mara fotogr\u00e1fica Leica<\/strong>.<\/p>\n\n\n\n<p>Con 19 a\u00f1os y una guerra perdida, con los ideales derrotados, pero no vencidos, Francesc Boix se dirige hacia Francia, para acabar enrolado, en la Segunda Guerra Mundial, en la 28\u00aa compa\u00f1\u00eda de trabajadores extranjeros. Capturado por los nazis, el 27 de enero de 1941, junto a otros 7.000 republicanos espa\u00f1oles, es trasladado al terrible campo de concentraci\u00f3n de Mauthausen. Murieron el 67% de los prisioneros que lo acompa\u00f1aron. Por su experiencia en la fotograf\u00eda, Boix fue adscrito al servicio de identificaci\u00f3n del campo.<\/p>\n\n\n\n<p>All\u00ed aprovecha su \u201cpuesto de trabajo\u201d para salvar fotos que hacen los SS del campo y que muestran c\u00f3mo murieron miles de personas. <strong>Desde el laboratorio fotogr\u00e1fico, junto a otros compa\u00f1eros, salv\u00f3 de la destrucci\u00f3n muchos negativos que acreditaban el horror, entreg\u00e1ndoselos a la austr\u00edaca Anna Pointner, que los escondi\u00f3 en un muro. Se salvaron unas 20.000 fotograf\u00edas<\/strong> que se presentaron como prueba en los juicios de N\u00fcremberg.&nbsp; El Spaniaker 5.185 (nombre despectivo de los nazis hacia los espa\u00f1oles y n\u00famero de prisionero de Boix), <strong>fue el \u00fanico espa\u00f1ol que testific\u00f3 en ellos.<\/strong> Durante la posguerra, a pesar del exilio, Boix acaricia una cierta normalidad vital. Se establece en Francia y trabaja como foto-reportero en L\u2019Humanit\u00e9, Regards o Ce Soir, pero fallece prematuramente en Par\u00eds en 1951, a los 30 a\u00f1os de edad.\u201d<\/p>\n\n\n\n<figure class=\"wp-block-embed-youtube wp-block-embed is-type-video is-provider-youtube wp-embed-aspect-16-9 wp-has-aspect-ratio\"><div class=\"wp-block-embed__wrapper\">\n<iframe title=\"Los \u00faltimos espa\u00f1oles de Mauthausen y del resto de campos nazis\" width=\"474\" height=\"267\" src=\"https:\/\/www.youtube.com\/embed\/UuKnFBZb6-c?feature=oembed\" frameborder=\"0\" allow=\"accelerometer; autoplay; clipboard-write; encrypted-media; gyroscope; picture-in-picture\" allowfullscreen><\/iframe>\n<\/div><figcaption><span style=\"color:#056911\" class=\"has-inline-color\">La historia de los m\u00e1s de 9.000 espa\u00f1oles y espa\u00f1olas que fueron deportados a los campos de concentraci\u00f3n nazis por decisi\u00f3n de Franco y de Hitler. El documental se centra en el testimonio de un amplio grupo de supervivientes espa\u00f1oles de Mauthausen, Auschwitz, Buchenwald y Ravensbr\u00fcck que relatan c\u00f3mo era la vida y la muerte en estos letales recintos levantados por el III Reich. Tambi\u00e9n aporta declaraciones de historiadores y algunos reveladores documentos que demuestran la complicidad entre la Espa\u00f1a franquista y la Alemania nazi. Documental dirigido por Carlos Hern\u00e1ndez de Miguel basado en su libro &#8220;Los \u00faltimos espa\u00f1oles de Mauthausen&#8221; (Ediciones B, 2015). SE PERMITE SU DIFUSI\u00d3N LIBRE Y GRATUITA (Todos los derechos son del autor y los subsidiarios permiten su uso PARA FINES NO LUCRATIVOS) Puedes descargarlo en HD (10Gb) en este enlace <\/span><a rel=\"noreferrer noopener\" href=\"https:\/\/www.youtube.com\/redirect?q=https%3A%2F%2Fdrive.google.com%2Ffile%2Fd%2F1lXF66tC90sVZsgbcpCRBxQ4Z1mguHWiD%2Fview%3Fusp%3Dsharing&amp;event=video_description&amp;v=UuKnFBZb6-c&amp;redir_token=QUFFLUhqbXRTU0NPZUVnbXVXRTV6ZFpESWU4R2RGbGZiQXxBQ3Jtc0tublVocENPa0xlMlBYa1hrb2dXVHVtT2t0c2l1b0FQY01lVnpfeEVVUlZaN2VtZ2dqLVJzbGpVcUhmcXY4WVk0MmU2V3Y3R1Y4d1pFZ09WX2h2QXdQcFRKQXF2NlhHdWs4Z3JBTEpTaGVHV2ZidEd4SQ%3D%3D\" target=\"_blank\">https:\/\/drive.google.com\/file\/d\/1lXF6&#8230;<\/a><\/figcaption><\/figure>\n","protected":false},"excerpt":{"rendered":"<p>VISITA IMPRESCINDIBLE A LA WEB MAUTHAUSEN MEMORIAL 7.532 refugiados espa\u00f1oles fueron internados en el campo de concentraci\u00f3n de Mauthausen-Gusen. 4435 murieron all\u00ed. El equipo coordinado por el profesor titular del departamento de Historia Moderna y Contempor\u00e1nea de la UCM Gutmaro G\u00f3mez Bravo afirma que \u201cEl itinerario del resto, hasta completar los m\u00e1s de 10.000 republicanos &hellip; <a href=\"https:\/\/bipedosimplumes.com\/index.php\/2020\/11\/08\/7-532-espanoles-en-mauthausen-4-435-murieron-no-los-matemos-dos-veces\/\" class=\"more-link\">Seguir leyendo <span class=\"screen-reader-text\">7.532 Espa\u00f1oles en Mauthausen, 4.435 murieron: no los matemos dos veces<\/span> <span class=\"meta-nav\">&rarr;<\/span><\/a><\/p>\n","protected":false},"author":1,"featured_media":0,"comment_status":"closed","ping_status":"closed","sticky":false,"template":"","format":"standard","meta":[],"categories":[33,12],"tags":[90,89],"_links":{"self":[{"href":"https:\/\/bipedosimplumes.com\/index.php\/wp-json\/wp\/v2\/posts\/441"}],"collection":[{"href":"https:\/\/bipedosimplumes.com\/index.php\/wp-json\/wp\/v2\/posts"}],"about":[{"href":"https:\/\/bipedosimplumes.com\/index.php\/wp-json\/wp\/v2\/types\/post"}],"author":[{"embeddable":true,"href":"https:\/\/bipedosimplumes.com\/index.php\/wp-json\/wp\/v2\/users\/1"}],"replies":[{"embeddable":true,"href":"https:\/\/bipedosimplumes.com\/index.php\/wp-json\/wp\/v2\/comments?post=441"}],"version-history":[{"count":2,"href":"https:\/\/bipedosimplumes.com\/index.php\/wp-json\/wp\/v2\/posts\/441\/revisions"}],"predecessor-version":[{"id":531,"href":"https:\/\/bipedosimplumes.com\/index.php\/wp-json\/wp\/v2\/posts\/441\/revisions\/531"}],"wp:attachment":[{"href":"https:\/\/bipedosimplumes.com\/index.php\/wp-json\/wp\/v2\/media?parent=441"}],"wp:term":[{"taxonomy":"category","embeddable":true,"href":"https:\/\/bipedosimplumes.com\/index.php\/wp-json\/wp\/v2\/categories?post=441"},{"taxonomy":"post_tag","embeddable":true,"href":"https:\/\/bipedosimplumes.com\/index.php\/wp-json\/wp\/v2\/tags?post=441"}],"curies":[{"name":"wp","href":"https:\/\/api.w.org\/{rel}","templated":true}]}}