{"id":338,"date":"2020-10-10T13:26:18","date_gmt":"2020-10-10T13:26:18","guid":{"rendered":"https:\/\/bipedosimplumes.com\/?p=338"},"modified":"2021-10-16T09:02:28","modified_gmt":"2021-10-16T09:02:28","slug":"evolucionismo-o-creacionismo","status":"publish","type":"post","link":"https:\/\/bipedosimplumes.com\/index.php\/2020\/10\/10\/evolucionismo-o-creacionismo\/","title":{"rendered":"\u00bfEvolucionismo o Creacionismo?"},"content":{"rendered":"\n<p>&#8220;Heredar\u00e1s el viento&#8221; viene a colaci\u00f3n del tema del paso del mito al l\u00f3gos y la comparaci\u00f3n entre la Filosof\u00eda y otros saberes (bloque sobre el Saber Filos\u00f3fico) <\/p>\n\n\n\n<figure class=\"wp-block-image size-large\"><a href=\"https:\/\/mycinedesiempre.blogspot.com\/2019\/03\/la-herencia-del-viento-stanley-kramer.html\"><img loading=\"lazy\" width=\"640\" height=\"392\" src=\"https:\/\/bipedosimplumes.com\/wp-content\/uploads\/2021\/10\/Heredar-el-viento-01.jpg\" alt=\"\" class=\"wp-image-470\" srcset=\"https:\/\/bipedosimplumes.com\/wp-content\/uploads\/2021\/10\/Heredar-el-viento-01.jpg 640w, https:\/\/bipedosimplumes.com\/wp-content\/uploads\/2021\/10\/Heredar-el-viento-01-300x184.jpg 300w\" sizes=\"(max-width: 640px) 100vw, 640px\" \/><\/a><figcaption><span style=\"color:#0f714d\" class=\"has-inline-color\"><strong>Inherit the Wind<\/strong> Stanley Kramer 1960<\/span><\/figcaption><\/figure>\n\n\n\n<p class=\"justificar\" style=\"font-size:-1px\">Cuando surgi\u00f3 la filosof\u00eda all\u00e1 por el siglo VI a.n.e en Mileto no se distingu\u00eda entre ciencias y letras. El saber verdadero se denominaba &#8220;episteme&#8221; y el falso &#8220;doxa&#8221;. Los primeros fil\u00f3sofos consideraron que el &#8220;saber&#8221; m\u00edtico era mera &#8220;doxa&#8221; (saber basado en la imaginaci\u00f3n, la apariencia, no fundamentado el la raz\u00f3n). En esta pel\u00edcula se cuenta la historia que tuvo lugar en Dayton (Tennessee) en 1925. John T. Scopes, un profesor de 24 a\u00f1os reci\u00e9n licenciado, fue llevado a juicio por ense\u00f1ar las teor\u00edas de Darwin en una clase de Ciencias de secundaria. La ley Butler prohib\u00eda que se ense\u00f1ara la procedencia del hombre de animales inferiores, en los centros docentes p\u00fablicos de Tennessee. Los hechos apuntan a que el juicio no s\u00f3lo fue fruto de la defensa de libertades, sino que hab\u00eda otros intereses, como los econ\u00f3micos de los hombres de negocios de Dayton, que vieron en la publicidad del caso en la prensa y en la radio, la ocasi\u00f3n de resucitar un pueblo que perd\u00eda habitantes.<\/p>\n\n\n\n<p>En este momento, los enlaces funcionan. He incrustado las versiones de la pel\u00edcula de 1960 y 1999<\/p>\n\n\n\n<figure class=\"wp-block-embed is-type-rich is-provider-gestor-del-servicio\"><div class=\"wp-block-embed__wrapper\">\n<div style=\"width: 474px;\" class=\"wp-video\"><!--[if lt IE 9]><script>document.createElement('video');<\/script><![endif]-->\n<video class=\"wp-video-shortcode\" id=\"video-338-1\" width=\"474\" height=\"267\" preload=\"metadata\" controls=\"controls\"><source type=\"video\/mp4\" src=\"https:\/\/ia601009.us.archive.org\/17\/items\/L4H3r3nc14D3lV13n70\/La%20herencia%20del%20viento_stanley%20kramer.mp4?_=1\" \/><a href=\"https:\/\/ia601009.us.archive.org\/17\/items\/L4H3r3nc14D3lV13n70\/La%20herencia%20del%20viento_stanley%20kramer.mp4\">https:\/\/ia601009.us.archive.org\/17\/items\/L4H3r3nc14D3lV13n70\/La%20herencia%20del%20viento_stanley%20kramer.mp4<\/a><\/video><\/div>\n<\/div><\/figure>\n\n\n\n<figure class=\"wp-block-embed-youtube wp-block-embed is-type-video is-provider-youtube wp-embed-aspect-16-9 wp-has-aspect-ratio wp-embed-aspect-4-3\"><div class=\"wp-block-embed__wrapper\">\n<iframe title=\"La Herencia del Viento el juicio del mono\" width=\"474\" height=\"356\" src=\"https:\/\/www.youtube.com\/embed\/IzUIBhwgP20?start=4589&#038;feature=oembed\" frameborder=\"0\" allow=\"accelerometer; autoplay; clipboard-write; encrypted-media; gyroscope; picture-in-picture\" allowfullscreen><\/iframe>\n<\/div><figcaption><span style=\"color:#095d2f\" class=\"has-inline-color\"><strong>Inherit the Wind <\/strong> TV Daniel Petrie 1999<\/span><\/figcaption><\/figure>\n\n\n\n<p class=\"justificar\" style=\"font-size:-1px\"><\/p>\n","protected":false},"excerpt":{"rendered":"<p>&#8220;Heredar\u00e1s el viento&#8221; viene a colaci\u00f3n del tema del paso del mito al l\u00f3gos y la comparaci\u00f3n entre la Filosof\u00eda y otros saberes (bloque sobre el Saber Filos\u00f3fico) Cuando surgi\u00f3 la filosof\u00eda all\u00e1 por el siglo VI a.n.e en Mileto no se distingu\u00eda entre ciencias y letras. El saber verdadero se denominaba &#8220;episteme&#8221; y el &hellip; <a href=\"https:\/\/bipedosimplumes.com\/index.php\/2020\/10\/10\/evolucionismo-o-creacionismo\/\" class=\"more-link\">Seguir leyendo <span class=\"screen-reader-text\">\u00bfEvolucionismo o Creacionismo?<\/span> <span class=\"meta-nav\">&rarr;<\/span><\/a><\/p>\n","protected":false},"author":1,"featured_media":0,"comment_status":"closed","ping_status":"closed","sticky":false,"template":"","format":"standard","meta":[],"categories":[8,12],"tags":[66,64,65,55],"_links":{"self":[{"href":"https:\/\/bipedosimplumes.com\/index.php\/wp-json\/wp\/v2\/posts\/338"}],"collection":[{"href":"https:\/\/bipedosimplumes.com\/index.php\/wp-json\/wp\/v2\/posts"}],"about":[{"href":"https:\/\/bipedosimplumes.com\/index.php\/wp-json\/wp\/v2\/types\/post"}],"author":[{"embeddable":true,"href":"https:\/\/bipedosimplumes.com\/index.php\/wp-json\/wp\/v2\/users\/1"}],"replies":[{"embeddable":true,"href":"https:\/\/bipedosimplumes.com\/index.php\/wp-json\/wp\/v2\/comments?post=338"}],"version-history":[{"count":5,"href":"https:\/\/bipedosimplumes.com\/index.php\/wp-json\/wp\/v2\/posts\/338\/revisions"}],"predecessor-version":[{"id":472,"href":"https:\/\/bipedosimplumes.com\/index.php\/wp-json\/wp\/v2\/posts\/338\/revisions\/472"}],"wp:attachment":[{"href":"https:\/\/bipedosimplumes.com\/index.php\/wp-json\/wp\/v2\/media?parent=338"}],"wp:term":[{"taxonomy":"category","embeddable":true,"href":"https:\/\/bipedosimplumes.com\/index.php\/wp-json\/wp\/v2\/categories?post=338"},{"taxonomy":"post_tag","embeddable":true,"href":"https:\/\/bipedosimplumes.com\/index.php\/wp-json\/wp\/v2\/tags?post=338"}],"curies":[{"name":"wp","href":"https:\/\/api.w.org\/{rel}","templated":true}]}}